{"id":4396,"date":"2025-09-29T11:13:58","date_gmt":"2025-09-29T09:13:58","guid":{"rendered":"https:\/\/kalerecruitment.com\/?p=4396"},"modified":"2025-09-29T11:13:58","modified_gmt":"2025-09-29T09:13:58","slug":"planista-przestrzenny","status":"publish","type":"post","link":"https:\/\/kalerecruitment.com\/es\/planista-przestrzenny\/","title":{"rendered":"PLANISTA PRZESTRZENNY"},"content":{"rendered":"<p>Nasz klient to mi\u0119dzynarodowy deweloper, kt\u00f3ry planuje, buduje, eksploatuje oraz sprzedaje projekty z zakresu energetyki wiatrowej, fotowoltaiki i magazynowania energii. Firma dzia\u0142a dynamicznie na rynku odnawialnych \u017ar\u00f3de\u0142 energii, realizuj\u0105c inwestycje wspieraj\u0105ce transformacj\u0119 energetyczn\u0105, a w chwili obecnej poszukuje Planisty Przestrzennego do swojego biura w Szczecinie.<\/p>\n<p data-start=\"100\" data-end=\"156\"><strong>Zakres obowi\u0105zk\u00f3w:<\/strong><\/p>\n<ul data-start=\"157\" data-end=\"890\">\n<li data-start=\"157\" data-end=\"269\">\n<p data-start=\"159\" data-end=\"269\">wykonywanie analiz przestrzennych w systemach GIS na potrzeby projekt\u00f3w zwi\u0105zanych z budow\u0105 farm wiatrowych,<\/p>\n<\/li>\n<li data-start=\"270\" data-end=\"483\">\n<p data-start=\"272\" data-end=\"483\">koordynacja i nadzorowanie proces\u00f3w planistycznych dotycz\u0105cych lokalizacji inwestycji OZE, w tym przygotowywanie i sk\u0142adanie wniosk\u00f3w do plan\u00f3w og\u00f3lnych oraz miejscowych plan\u00f3w zagospodarowania przestrzennego,<\/p>\n<\/li>\n<li data-start=\"484\" data-end=\"583\">\n<p data-start=\"486\" data-end=\"583\">sprawdzanie zgodno\u015bci planowanych inwestycji z dokumentami planistycznymi (MPZP, plany og\u00f3lne),<\/p>\n<\/li>\n<li data-start=\"584\" data-end=\"667\">\n<p data-start=\"586\" data-end=\"667\">przygotowywanie map, raport\u00f3w i wizualizacji wspieraj\u0105cych proces inwestycyjny,<\/p>\n<\/li>\n<li data-start=\"668\" data-end=\"777\">\n<p data-start=\"670\" data-end=\"777\">bie\u017c\u0105ca wsp\u00f3\u0142praca z zespo\u0142em projektowym, ekspertami prawnymi, urbanistami oraz administracj\u0105 publiczn\u0105,<\/p>\n<\/li>\n<li data-start=\"778\" data-end=\"890\">\n<p data-start=\"780\" data-end=\"890\">\u015bledzenie i analiza zmian w przepisach prawa dotycz\u0105cych planowania przestrzennego i energetyki odnawialnej.<\/p>\n<\/li>\n<\/ul>\n<p data-start=\"892\" data-end=\"907\"><strong data-start=\"892\" data-end=\"905\">Wymagania:<\/strong><\/p>\n<ul data-start=\"908\" data-end=\"1490\">\n<li data-start=\"908\" data-end=\"1033\">\n<p data-start=\"910\" data-end=\"1033\">wykszta\u0142cenie wy\u017csze w obszarze gospodarki przestrzennej, urbanistyki, geografii, geoinformatyki lub dziedzin pokrewnych,<\/p>\n<\/li>\n<li data-start=\"1034\" data-end=\"1093\">\n<p data-start=\"1036\" data-end=\"1093\">bardzo dobra znajomo\u015b\u0107 narz\u0119dzi GIS (szczeg\u00f3lnie QGIS),<\/p>\n<\/li>\n<li data-start=\"1094\" data-end=\"1179\">\n<p data-start=\"1096\" data-end=\"1179\">do\u015bwiadczenie w analizach danych przestrzennych i opracowaniach kartograficznych,<\/p>\n<\/li>\n<li data-start=\"1180\" data-end=\"1225\">\n<p data-start=\"1182\" data-end=\"1225\">wiedza z zakresu procedur planistycznych,<\/p>\n<\/li>\n<li data-start=\"1226\" data-end=\"1282\">\n<p data-start=\"1228\" data-end=\"1282\">umiej\u0119tno\u015b\u0107 interpretacji dokument\u00f3w planistycznych,<\/p>\n<\/li>\n<li data-start=\"1283\" data-end=\"1339\">\n<p data-start=\"1285\" data-end=\"1339\">dok\u0142adno\u015b\u0107, samodzielno\u015b\u0107 i dobra organizacja pracy,<\/p>\n<\/li>\n<li data-start=\"1340\" data-end=\"1399\">\n<p data-start=\"1342\" data-end=\"1399\">znajomo\u015b\u0107 j\u0119zyka angielskiego w stopniu komunikatywnym,<\/p>\n<\/li>\n<li data-start=\"1400\" data-end=\"1490\">\n<p data-start=\"1402\" data-end=\"1490\">atutem b\u0119dzie do\u015bwiadczenie w bran\u017cy OZE, zw\u0142aszcza w projektach energetyki wiatrowej.<\/p>\n<\/li>\n<\/ul>\n<p data-start=\"1492\" data-end=\"1513\"><strong data-start=\"1492\" data-end=\"1511\">Dodatkowe atuty:<\/strong><\/p>\n<ul data-start=\"1514\" data-end=\"1709\">\n<li data-start=\"1514\" data-end=\"1564\">\n<p data-start=\"1516\" data-end=\"1564\">znajomo\u015b\u0107 sektora odnawialnych \u017ar\u00f3de\u0142 energii,<\/p>\n<\/li>\n<li data-start=\"1565\" data-end=\"1604\">\n<p data-start=\"1567\" data-end=\"1604\">umiej\u0119tno\u015b\u0107 pracy w programach CAD,<\/p>\n<\/li>\n<li data-start=\"1605\" data-end=\"1676\">\n<p data-start=\"1607\" data-end=\"1676\">do\u015bwiadczenie we wsp\u00f3\u0142pracy z jednostkami samorz\u0105du terytorialnego,<\/p>\n<\/li>\n<li data-start=\"1677\" data-end=\"1709\">\n<p data-start=\"1679\" data-end=\"1709\">znajomo\u015b\u0107 narz\u0119dzia WindPRO.<\/p>\n<\/li>\n<\/ul>\n<p data-start=\"1711\" data-end=\"1726\"><strong data-start=\"1711\" data-end=\"1724\">Firma oferuje:<\/strong><\/p>\n<ul data-start=\"1727\" data-end=\"2142\">\n<li data-start=\"1727\" data-end=\"1867\">\n<p data-start=\"1729\" data-end=\"1867\">udzia\u0142 w nowatorskich projektach z zakresu energetyki odnawialnej, maj\u0105cych kluczowe znaczenie dla transformacji energetycznej w Polsce,<\/p>\n<\/li>\n<li data-start=\"1868\" data-end=\"1929\">\n<p data-start=\"1870\" data-end=\"1929\">prac\u0119 w dynamicznie rozwijaj\u0105cej si\u0119 firmie z bran\u017cy OZE,<\/p>\n<\/li>\n<li data-start=\"1930\" data-end=\"2004\">\n<p data-start=\"1932\" data-end=\"2004\">mo\u017cliwo\u015b\u0107 poszerzania kompetencji poprzez szkolenia i rozw\u00f3j zawodowy,<\/p>\n<\/li>\n<li data-start=\"2005\" data-end=\"2059\">\n<p data-start=\"2007\" data-end=\"2059\">przyjazn\u0105 atmosfer\u0119 w interdyscyplinarnym zespole,<\/p>\n<\/li>\n<li data-start=\"2060\" data-end=\"2142\">\n<p data-start=\"2062\" data-end=\"2142\">udzia\u0142 w wydarzeniach integracyjnych i mi\u0119dzynarodowych spotkaniach firmowych.<\/p>\n<\/li>\n<\/ul>","protected":false},"excerpt":{"rendered":"<p>Nasz klient to mi\u0119dzynarodowy deweloper, kt\u00f3ry planuje, buduje, eksploatuje oraz sprzedaje projekty z zakresu energetyki wiatrowej, fotowoltaiki i magazynowania energii. Firma dzia\u0142a dynamicznie na rynku odnawialnych \u017ar\u00f3de\u0142 energii, realizuj\u0105c inwestycje wspieraj\u0105ce transformacj\u0119 energetyczn\u0105, a w chwili obecnej poszukuje Planisty Przestrzennego do swojego biura w Szczecinie. Zakres obowi\u0105zk\u00f3w: wykonywanie analiz przestrzennych w systemach GIS na potrzeby &hellip;<\/p>\n<p class=\"read-more\"> <a class=\"\" href=\"https:\/\/kalerecruitment.com\/es\/planista-przestrzenny\/\"> <span class=\"screen-reader-text\">PLANISTA PRZESTRZENNY<\/span> Leer m\u00e1s &raquo;<\/a><\/p>","protected":false},"author":14,"featured_media":0,"comment_status":"closed","ping_status":"closed","sticky":false,"template":"","format":"standard","meta":{"site-sidebar-layout":"default","site-content-layout":"default","ast-main-header-display":"","ast-hfb-above-header-display":"","ast-hfb-below-header-display":"","ast-hfb-mobile-header-display":"","site-post-title":"","ast-breadcrumbs-content":"","ast-featured-img":"","footer-sml-layout":"","theme-transparent-header-meta":"default","adv-header-id-meta":"","stick-header-meta":"","header-above-stick-meta":"","header-main-stick-meta":"","header-below-stick-meta":"","_expiration-date-status":"","_expiration-date":0,"_expiration-date-type":"","_expiration-date-categories":[],"_expiration-date-options":[]},"categories":[16],"tags":[],"_links":{"self":[{"href":"https:\/\/kalerecruitment.com\/es\/wp-json\/wp\/v2\/posts\/4396"}],"collection":[{"href":"https:\/\/kalerecruitment.com\/es\/wp-json\/wp\/v2\/posts"}],"about":[{"href":"https:\/\/kalerecruitment.com\/es\/wp-json\/wp\/v2\/types\/post"}],"author":[{"embeddable":true,"href":"https:\/\/kalerecruitment.com\/es\/wp-json\/wp\/v2\/users\/14"}],"replies":[{"embeddable":true,"href":"https:\/\/kalerecruitment.com\/es\/wp-json\/wp\/v2\/comments?post=4396"}],"version-history":[{"count":0,"href":"https:\/\/kalerecruitment.com\/es\/wp-json\/wp\/v2\/posts\/4396\/revisions"}],"wp:attachment":[{"href":"https:\/\/kalerecruitment.com\/es\/wp-json\/wp\/v2\/media?parent=4396"}],"wp:term":[{"taxonomy":"category","embeddable":true,"href":"https:\/\/kalerecruitment.com\/es\/wp-json\/wp\/v2\/categories?post=4396"},{"taxonomy":"post_tag","embeddable":true,"href":"https:\/\/kalerecruitment.com\/es\/wp-json\/wp\/v2\/tags?post=4396"}],"curies":[{"name":"wp","href":"https:\/\/api.w.org\/{rel}","templated":true}]}}